{"id":14733,"date":"2023-06-27T13:31:08","date_gmt":"2023-06-27T17:31:08","guid":{"rendered":"https:\/\/museumofnonvisibleart.com\/praxis\/?p=14733"},"modified":"2023-06-27T14:09:52","modified_gmt":"2023-06-27T18:09:52","slug":"hulda-guzman","status":"publish","type":"post","link":"https:\/\/museumofnonvisibleart.com\/praxis\/hulda-guzman\/","title":{"rendered":"Hulda Guzman"},"content":{"rendered":"<div>\n<figure id=\"attachment_13798\" aria-describedby=\"caption-attachment-13798\" style=\"width: 273px\" class=\"wp-caption alignright\"><img loading=\"lazy\" decoding=\"async\" class=\" wp-image-13798\" src=\"https:\/\/museumofnonvisibleart.com\/praxis\/wp-content\/uploads\/2023\/06\/Hulda-Guzman-in-the-studio-2023.jpg\" alt=\"\" width=\"273\" height=\"387\" srcset=\"https:\/\/museumofnonvisibleart.com\/praxis\/wp-content\/uploads\/2023\/06\/Hulda-Guzman-in-the-studio-2023-scaled-1.jpg 722w, https:\/\/museumofnonvisibleart.com\/praxis\/wp-content\/uploads\/2023\/06\/Hulda-Guzman-in-the-studio-2023-scaled-2.jpg 212w, https:\/\/museumofnonvisibleart.com\/praxis\/wp-content\/uploads\/2023\/06\/Hulda-Guzman-in-the-studio-2023-scaled-3.jpg 768w, https:\/\/museumofnonvisibleart.com\/praxis\/wp-content\/uploads\/2023\/06\/Hulda-Guzman-in-the-studio-2023-scaled-4.jpg 1083w, https:\/\/museumofnonvisibleart.com\/praxis\/wp-content\/uploads\/2023\/06\/Hulda-Guzman-in-the-studio-2023-scaled-5.jpg 1444w, https:\/\/museumofnonvisibleart.com\/praxis\/wp-content\/uploads\/2023\/06\/Hulda-Guzman-in-the-studio-2023-scaled-6.jpg 696w, https:\/\/museumofnonvisibleart.com\/praxis\/wp-content\/uploads\/2023\/06\/Hulda-Guzman-in-the-studio-2023-scaled-7.jpg 1068w, https:\/\/museumofnonvisibleart.com\/praxis\/wp-content\/uploads\/2023\/06\/Hulda-Guzman-in-the-studio-2023-scaled-8.jpg 1920w, https:\/\/museumofnonvisibleart.com\/praxis\/wp-content\/uploads\/2023\/06\/Hulda-Guzman-in-the-studio-2023-scaled-9.jpg 1805w, https:\/\/museumofnonvisibleart.com\/praxis\/wp-content\/uploads\/2023\/06\/Hulda-Guzman-in-the-studio-2023-scaled-10.jpg 1392w\" sizes=\"(max-width: 273px) 100vw, 273px\" data-recalc-dims=\"1\" \/><figcaption id=\"caption-attachment-13798\" class=\"wp-caption-text\">Hulda Guzman in the studio, 2023<\/figcaption><\/figure>\n<p><a href=\"https:\/\/alexanderberggruen.com\/exhibitions\/hulda-guzman-they-come-from-water\/\">Hulda Guzm\u00e1n<\/a> (b. 1984, Santo Domingo, Dominican Republic) depicts her tropical surroundings as she explores perspective and reality. Situated between Impressionistic landscape, psychological autobiography, Mexican muralism, Caribbean folk traditions, endearing comedy, and magical realism, Guzm\u00e1n\u2019s work engenders an emphatic compassion for the united forces of the living, celebrated through the act of painting.<\/p>\n<p>Guzm\u00e1n received a BA from Altos de Chav\u00f3n School of Design in the Dominican Republic and went on to study photography and mural painting at the National School of Visual Arts, Mexico. Her work is included in the permanent collections of the Baltimore Museum of Art, MD; Dallas Museum of Art, TX; Denver Art Museum, CO; He Art Museum (HEM), Guangdong, CN; Institute of Contemporary Art, Miami, FL; Los Angeles County Museum of Art (LACMA), CA; Museu de Arte de S\u00e3o Paulo (MASP), S\u00e3o Paulo, Brazil; P\u00e9rez Art Museum Miami, FL; and San Francisco Museum of Modern Art (SFMOMA), CA, among others. Guzm\u00e1n has been featured in the Dominican Republic\u2019s pavilion at the 58th International Art Exhibition at the Venice Biennale. Guzm\u00e1n has shown with Stephen Friedman Gallery, London, UK; Alexander Berggruen, NY; Anat Ebgi, Los Angeles, CA; Dio Horia Gallery, Mykonos; Arte BA, Buenos Aires; Galer\u00eda Machete, Mexico City; Gallery Ariane Paffrath Dusseldorf; and at institutions such as the Denver Art Museum, CO; Museo de Arte Moderno, Santo Domingo; the P\u00e9rez Art Museum Miami, FL; Museo de Arte de S\u00e3o Paulo, Brazil; Museo de Arte y Dise\u00f1o Contempor\u00e1neo, Costa Rica; and Art Museum of the Americas, Washington, DC. <a href=\"http:\/\/hulda.com\/\">The artist lives and works<\/a> in Santo Domingo, Dominican Republic.<\/p>\n<\/div>\n<div>\n<figure id=\"attachment_13799\" aria-describedby=\"caption-attachment-13799\" style=\"width: 696px\" class=\"wp-caption alignnone\"><img decoding=\"async\" loading=\"lazy\" class=\"size-large wp-image-13799\" src=\"https:\/\/museumofnonvisibleart.com\/praxis\/wp-content\/uploads\/2023\/06\/Hulda-Guzma\u2560un-HGUZMA.2023.0001_0308-crop-resized.jpg\" alt=\"\" width=\"696\" height=\"378\" srcset=\"https:\/\/museumofnonvisibleart.com\/praxis\/wp-content\/uploads\/2023\/06\/Hulda-Guzma\u2560un-HGUZMA.2023.0001_0308-crop-resized-1.jpg 1024w, https:\/\/museumofnonvisibleart.com\/praxis\/wp-content\/uploads\/2023\/06\/Hulda-Guzma\u2560un-HGUZMA.2023.0001_0308-crop-resized-2.jpg 300w, https:\/\/museumofnonvisibleart.com\/praxis\/wp-content\/uploads\/2023\/06\/Hulda-Guzma\u2560un-HGUZMA.2023.0001_0308-crop-resized-3.jpg 768w, https:\/\/museumofnonvisibleart.com\/praxis\/wp-content\/uploads\/2023\/06\/Hulda-Guzma\u2560un-HGUZMA.2023.0001_0308-crop-resized-4.jpg 1536w, https:\/\/museumofnonvisibleart.com\/praxis\/wp-content\/uploads\/2023\/06\/Hulda-Guzma\u2560un-HGUZMA.2023.0001_0308-crop-resized-5.jpg 2048w, https:\/\/museumofnonvisibleart.com\/praxis\/wp-content\/uploads\/2023\/06\/Hulda-Guzma\u2560un-HGUZMA.2023.0001_0308-crop-resized-6.jpg 696w, https:\/\/museumofnonvisibleart.com\/praxis\/wp-content\/uploads\/2023\/06\/Hulda-Guzma\u2560un-HGUZMA.2023.0001_0308-crop-resized-7.jpg 1068w, https:\/\/museumofnonvisibleart.com\/praxis\/wp-content\/uploads\/2023\/06\/Hulda-Guzma\u2560un-HGUZMA.2023.0001_0308-crop-resized-8.jpg 1920w, https:\/\/museumofnonvisibleart.com\/praxis\/wp-content\/uploads\/2023\/06\/Hulda-Guzma\u2560un-HGUZMA.2023.0001_0308-crop-resized-9.jpg 1392w\" sizes=\"(max-width: 696px) 100vw, 696px\" data-recalc-dims=\"1\" \/><figcaption id=\"caption-attachment-13799\" class=\"wp-caption-text\">Hulda Guzm\u00e1n, Hojas de fuego, 2023, acrylic gouache on linen, triptych overall: 48 1\/8 x 88 1\/2 in. (122.2 x 224.8 cm.), each: 48 1\/8 x 29 1\/2 in. (122.2 x 74.9 cm.) Included in Hulda Guzm\u00e1n: They come from water (May 24-July 5, 2023) at Alexander Berggruen, New York, NY. Copyright the artist. Courtesy of the artist; Alexander Berggruen, NY; and Stephen Friedman Gallery, London. Photo: Dario Lasagni<\/figcaption><\/figure>\n<figure id=\"attachment_13800\" aria-describedby=\"caption-attachment-13800\" style=\"width: 635px\" class=\"wp-caption alignnone\"><img decoding=\"async\" loading=\"lazy\" class=\"size-large wp-image-13800\" src=\"https:\/\/museumofnonvisibleart.com\/praxis\/wp-content\/uploads\/2023\/06\/Hulda-Guzma\u2560un-HGUZMA.2023.0014_0054-crop-resized.jpg\" alt=\"\" width=\"635\" height=\"1024\" srcset=\"https:\/\/museumofnonvisibleart.com\/praxis\/wp-content\/uploads\/2023\/06\/Hulda-Guzma\u2560un-HGUZMA.2023.0014_0054-crop-resized-1.jpg 635w, https:\/\/museumofnonvisibleart.com\/praxis\/wp-content\/uploads\/2023\/06\/Hulda-Guzma\u2560un-HGUZMA.2023.0014_0054-crop-resized-2.jpg 186w, https:\/\/museumofnonvisibleart.com\/praxis\/wp-content\/uploads\/2023\/06\/Hulda-Guzma\u2560un-HGUZMA.2023.0014_0054-crop-resized-3.jpg 768w, https:\/\/museumofnonvisibleart.com\/praxis\/wp-content\/uploads\/2023\/06\/Hulda-Guzma\u2560un-HGUZMA.2023.0014_0054-crop-resized-4.jpg 953w, https:\/\/museumofnonvisibleart.com\/praxis\/wp-content\/uploads\/2023\/06\/Hulda-Guzma\u2560un-HGUZMA.2023.0014_0054-crop-resized-5.jpg 1271w, https:\/\/museumofnonvisibleart.com\/praxis\/wp-content\/uploads\/2023\/06\/Hulda-Guzma\u2560un-HGUZMA.2023.0014_0054-crop-resized-6.jpg 696w, https:\/\/museumofnonvisibleart.com\/praxis\/wp-content\/uploads\/2023\/06\/Hulda-Guzma\u2560un-HGUZMA.2023.0014_0054-crop-resized-7.jpg 1068w, https:\/\/museumofnonvisibleart.com\/praxis\/wp-content\/uploads\/2023\/06\/Hulda-Guzma\u2560un-HGUZMA.2023.0014_0054-crop-resized-8.jpg 1551w, https:\/\/museumofnonvisibleart.com\/praxis\/wp-content\/uploads\/2023\/06\/Hulda-Guzma\u2560un-HGUZMA.2023.0014_0054-crop-resized-9.jpg 1392w\" sizes=\"(max-width: 635px) 100vw, 635px\" data-recalc-dims=\"1\" \/><figcaption id=\"caption-attachment-13800\" class=\"wp-caption-text\">Hulda Guzm\u00e1n, Pets. Are they real?, 2023, acrylic gouache on linen, 48 x 29 5\/8 in. (121.9 x 75.2 cm.) Included in Hulda Guzm\u00e1n: They come from water (May 24-July 5, 2023) at Alexander Berggruen, New York, NY. Copyright the artist. Courtesy of the artist; Alexander Berggruen, NY; and Stephen Friedman Gallery, London. Photo: Dario Lasagni<\/figcaption><\/figure>\n<figure id=\"attachment_13801\" aria-describedby=\"caption-attachment-13801\" style=\"width: 632px\" class=\"wp-caption alignnone\"><img decoding=\"async\" loading=\"lazy\" class=\"size-large wp-image-13801\" src=\"https:\/\/museumofnonvisibleart.com\/praxis\/wp-content\/uploads\/2023\/06\/Hulda-Guzma\u2560un-HGUZMA.2023.0004_0004-crop.jpg\" alt=\"\" width=\"632\" height=\"1024\" srcset=\"https:\/\/museumofnonvisibleart.com\/praxis\/wp-content\/uploads\/2023\/06\/Hulda-Guzma\u2560un-HGUZMA.2023.0004_0004-crop-1.jpg 632w, https:\/\/museumofnonvisibleart.com\/praxis\/wp-content\/uploads\/2023\/06\/Hulda-Guzma\u2560un-HGUZMA.2023.0004_0004-crop-2.jpg 185w, https:\/\/museumofnonvisibleart.com\/praxis\/wp-content\/uploads\/2023\/06\/Hulda-Guzma\u2560un-HGUZMA.2023.0004_0004-crop-3.jpg 768w, https:\/\/museumofnonvisibleart.com\/praxis\/wp-content\/uploads\/2023\/06\/Hulda-Guzma\u2560un-HGUZMA.2023.0004_0004-crop-4.jpg 949w, https:\/\/museumofnonvisibleart.com\/praxis\/wp-content\/uploads\/2023\/06\/Hulda-Guzma\u2560un-HGUZMA.2023.0004_0004-crop-5.jpg 1265w, https:\/\/museumofnonvisibleart.com\/praxis\/wp-content\/uploads\/2023\/06\/Hulda-Guzma\u2560un-HGUZMA.2023.0004_0004-crop-6.jpg 696w, https:\/\/museumofnonvisibleart.com\/praxis\/wp-content\/uploads\/2023\/06\/Hulda-Guzma\u2560un-HGUZMA.2023.0004_0004-crop-7.jpg 1068w, https:\/\/museumofnonvisibleart.com\/praxis\/wp-content\/uploads\/2023\/06\/Hulda-Guzma\u2560un-HGUZMA.2023.0004_0004-crop-8.jpg 1407w\" sizes=\"(max-width: 632px) 100vw, 632px\" data-recalc-dims=\"1\" \/><figcaption id=\"caption-attachment-13801\" class=\"wp-caption-text\">Hulda Guzm\u00e1n, Eddy y Bo 1, 2023, acrylic gouache on linen, 60 x 37 in. (152.4 x 94 cm.) Included in Hulda Guzm\u00e1n: They come from water (May 24-July 5, 2023) at Alexander Berggruen, New York, NY. Copyright the artist. Courtesy of the artist; Alexander Berggruen, NY; and Stephen Friedman Gallery, London. Photo: Dario Lasagni<\/figcaption><\/figure>\n<\/div>\n","protected":false},"excerpt":{"rendered":"<p>Hulda Guzman in the studio, 2023 Hulda Guzm\u00e1n (b. 1984, Santo Domingo, Dominican Republic) depicts her tropical surroundings as she explores perspective and reality. Situated between Impressionistic landscape, psychological autobiography, Mexican muralism, Caribbean folk traditions, endearing comedy, and magical realism, Guzm\u00e1n\u2019s work engenders an emphatic compassion for the united forces of the living, celebrated through [&hellip;]<\/p>\n","protected":false},"author":1,"featured_media":844,"comment_status":"open","ping_status":"closed","sticky":false,"template":"","format":"standard","meta":{"_et_pb_use_builder":"","_et_pb_old_content":"","_et_gb_content_width":"","spay_email":""},"categories":[11],"tags":[],"jetpack_featured_media_url":"https:\/\/museumofnonvisibleart.com\/praxis\/wp-content\/uploads\/2021\/06\/wybcxlogoforweb-big-1sq-e1491800568261.png","jetpack_sharing_enabled":true,"_links":{"self":[{"href":"https:\/\/museumofnonvisibleart.com\/praxis\/wp-json\/wp\/v2\/posts\/14733"}],"collection":[{"href":"https:\/\/museumofnonvisibleart.com\/praxis\/wp-json\/wp\/v2\/posts"}],"about":[{"href":"https:\/\/museumofnonvisibleart.com\/praxis\/wp-json\/wp\/v2\/types\/post"}],"author":[{"embeddable":true,"href":"https:\/\/museumofnonvisibleart.com\/praxis\/wp-json\/wp\/v2\/users\/1"}],"replies":[{"embeddable":true,"href":"https:\/\/museumofnonvisibleart.com\/praxis\/wp-json\/wp\/v2\/comments?post=14733"}],"version-history":[{"count":2,"href":"https:\/\/museumofnonvisibleart.com\/praxis\/wp-json\/wp\/v2\/posts\/14733\/revisions"}],"predecessor-version":[{"id":14775,"href":"https:\/\/museumofnonvisibleart.com\/praxis\/wp-json\/wp\/v2\/posts\/14733\/revisions\/14775"}],"wp:featuredmedia":[{"embeddable":true,"href":"https:\/\/museumofnonvisibleart.com\/praxis\/wp-json\/wp\/v2\/media\/844"}],"wp:attachment":[{"href":"https:\/\/museumofnonvisibleart.com\/praxis\/wp-json\/wp\/v2\/media?parent=14733"}],"wp:term":[{"taxonomy":"category","embeddable":true,"href":"https:\/\/museumofnonvisibleart.com\/praxis\/wp-json\/wp\/v2\/categories?post=14733"},{"taxonomy":"post_tag","embeddable":true,"href":"https:\/\/museumofnonvisibleart.com\/praxis\/wp-json\/wp\/v2\/tags?post=14733"}],"curies":[{"name":"wp","href":"https:\/\/api.w.org\/{rel}","templated":true}]}}