{"id":15235,"date":"2025-01-28T13:53:43","date_gmt":"2025-01-28T18:53:43","guid":{"rendered":"https:\/\/museumofnonvisibleart.com\/interviews\/?p=15235"},"modified":"2025-01-28T13:53:43","modified_gmt":"2025-01-28T18:53:43","slug":"ana-gonzalez","status":"publish","type":"post","link":"https:\/\/museumofnonvisibleart.com\/interviews\/ana-gonzalez\/","title":{"rendered":"Ana Gonz\u00e1lez"},"content":{"rendered":"<!--powerpress_player--><div class=\"powerpress_player\" id=\"powerpress_player_4154\"><audio class=\"wp-audio-shortcode\" id=\"audio-15235-1\" preload=\"none\" style=\"width: 100%;\" controls=\"controls\"><source type=\"audio\/mpeg\" src=\"https:\/\/museumofnonvisibleart.com\/interview\/2025\/AnaGonzalez.mp3?_=1\" \/><a href=\"https:\/\/museumofnonvisibleart.com\/interview\/2025\/AnaGonzalez.mp3\">https:\/\/museumofnonvisibleart.com\/interview\/2025\/AnaGonzalez.mp3<\/a><\/audio><\/div><p class=\"powerpress_links powerpress_subscribe_links\">Subscribe: <a href=\"https:\/\/podcasts.apple.com\/us\/podcast\/interviews-by-brainard-carey\/id1468502583?mt=2&amp;ls=1\" class=\"powerpress_link_subscribe powerpress_link_subscribe_itunes\" target=\"_blank\" title=\"Subscribe on Apple Podcasts\" rel=\"nofollow\">Apple Podcasts<\/a> | <a href=\"https:\/\/open.spotify.com\/show\/5ZxsN79E1W6VJOjQF9GNuZ\" class=\"powerpress_link_subscribe powerpress_link_subscribe_spotify\" target=\"_blank\" title=\"Subscribe on Spotify\" rel=\"nofollow\">Spotify<\/a> | <a href=\"http:\/\/tunein.com\/radio\/Interviews-by-Brainard-Carey-p1236598\/\" class=\"powerpress_link_subscribe powerpress_link_subscribe_tunein\" target=\"_blank\" title=\"Subscribe on TuneIn\" rel=\"nofollow\">TuneIn<\/a> | <a href=\"https:\/\/feeds.podcastmirror.com\/interviews-by-brainard\" class=\"powerpress_link_subscribe powerpress_link_subscribe_rss\" target=\"_blank\" title=\"Subscribe via RSS\" rel=\"nofollow\">RSS<\/a> | <a href=\"http:\/\/goo.gl\/xSQrKY\" class=\"powerpress_link_subscribe powerpress_link_subscribe_more\" target=\"_blank\" title=\"Click here to  join mailing list\" rel=\"nofollow\">Click here to  join mailing list<\/a><\/p><div>\n<figure id=\"attachment_15237\" aria-describedby=\"caption-attachment-15237\" style=\"width: 186px\" class=\"wp-caption alignleft\"><img data-recalc-dims=\"1\" loading=\"lazy\" decoding=\"async\" class=\" wp-image-15237\" src=\"https:\/\/i0.wp.com\/museumofnonvisibleart.com\/interviews\/wp-content\/uploads\/2025\/01\/Ana-Gonzalez_Photo-Juan-Moore-Photography.jpg?resize=186%2C238&#038;ssl=1\" alt=\"\" width=\"186\" height=\"238\" srcset=\"https:\/\/i0.wp.com\/museumofnonvisibleart.com\/interviews\/wp-content\/uploads\/2025\/01\/Ana-Gonzalez_Photo-Juan-Moore-Photography-scaled.jpg?resize=800%2C1024&amp;ssl=1 800w, https:\/\/i0.wp.com\/museumofnonvisibleart.com\/interviews\/wp-content\/uploads\/2025\/01\/Ana-Gonzalez_Photo-Juan-Moore-Photography-scaled.jpg?resize=234%2C300&amp;ssl=1 234w, https:\/\/i0.wp.com\/museumofnonvisibleart.com\/interviews\/wp-content\/uploads\/2025\/01\/Ana-Gonzalez_Photo-Juan-Moore-Photography-scaled.jpg?resize=768%2C983&amp;ssl=1 768w, https:\/\/i0.wp.com\/museumofnonvisibleart.com\/interviews\/wp-content\/uploads\/2025\/01\/Ana-Gonzalez_Photo-Juan-Moore-Photography-scaled.jpg?resize=1200%2C1536&amp;ssl=1 1200w, https:\/\/i0.wp.com\/museumofnonvisibleart.com\/interviews\/wp-content\/uploads\/2025\/01\/Ana-Gonzalez_Photo-Juan-Moore-Photography-scaled.jpg?resize=1600%2C2048&amp;ssl=1 1600w, https:\/\/i0.wp.com\/museumofnonvisibleart.com\/interviews\/wp-content\/uploads\/2025\/01\/Ana-Gonzalez_Photo-Juan-Moore-Photography-scaled.jpg?resize=696%2C891&amp;ssl=1 696w, https:\/\/i0.wp.com\/museumofnonvisibleart.com\/interviews\/wp-content\/uploads\/2025\/01\/Ana-Gonzalez_Photo-Juan-Moore-Photography-scaled.jpg?resize=1068%2C1367&amp;ssl=1 1068w, https:\/\/i0.wp.com\/museumofnonvisibleart.com\/interviews\/wp-content\/uploads\/2025\/01\/Ana-Gonzalez_Photo-Juan-Moore-Photography-scaled.jpg?resize=1920%2C2458&amp;ssl=1 1920w, https:\/\/i0.wp.com\/museumofnonvisibleart.com\/interviews\/wp-content\/uploads\/2025\/01\/Ana-Gonzalez_Photo-Juan-Moore-Photography-scaled.jpg?w=2000&amp;ssl=1 2000w, https:\/\/i0.wp.com\/museumofnonvisibleart.com\/interviews\/wp-content\/uploads\/2025\/01\/Ana-Gonzalez_Photo-Juan-Moore-Photography-scaled.jpg?w=1392&amp;ssl=1 1392w\" sizes=\"auto, (max-width: 186px) 100vw, 186px\" \/><figcaption id=\"caption-attachment-15237\" class=\"wp-caption-text\">Ana Gonzalez, Photo byJuan Moore<\/figcaption><\/figure>\n<p><a href=\"https:\/\/www.skny.com\/exhibitions\/ana-gonzalez2\">Ana Gonz\u00e1lez\u2019s artistic practice<\/a> celebrates the landscapes of her native Colombia and her partnerships with the indigenous communities dedicated to their preservation. Her work serves as a vibrant tribute to the sensory richness and cultural significance of these environments whilst highlighting their crucial role in historic ecosystems. Her oeuvre bridges multiple disciplines, including painting, photography, and sculpture.<\/p>\n<\/div>\n<div>\n<p>In her work Gonz\u00e1lez references to the 18th-century naturalist Alexander von Humboldt and his exploration of the interconnectedness of all living systems. Her\u00a0<a href=\"https:\/\/www.skny.com\/artists\/ana-gonzalez\"><em>Devastations<\/em>\u00a0series<\/a> features textiles onto which the artist prints photographs of Colombia\u2019s vulnerable environments which she then partially unravels by hand. The works preserve these spaces as sites of power, abundance, and renewal while referencing the slow disappearance of ancient ecologies.<\/p>\n<\/div>\n<div>\n<p>Gonz\u00e1lez has worked closely with Colombian Indigenous communities, leading social and humanitarian initiatives with the Sierra Nevada de Santa Marta communities, the Nukak people of Guaviare, and Misak women in Cauca. In collaboration with Cartier and the Amazon Conservation Team, Gonz\u00e1lez founded a health and social project in the Colombian Amazon. In November 2024 they completed a healthcare center in Murui Muina, Umancia, an indigenous settlement positioned at the intersection of three key regions: Putumayo, Caquet\u00e1, and Amazonas.<\/p>\n<\/div>\n<div>\n<p>Ana Gonz\u00e1lez is a graduate in architecture from Universidad de Los Andes in Bogot\u00e1, Colombia. She pursued advanced studies in Art and Gender at Trinity College in Dublin, Ireland, and completed a master\u2019s in arts and media, focusing on Photography, Printing, and Publishing, at both the \u00c9cole Nationale Sup\u00e9rieure des Beaux-Arts and the \u00c9cole Sup\u00e9rieure de Commerce de Paris in France. Her work is part of significant private and public collections, including the Patricia Phelps de Cisneros Collection, the Havremagasinet L\u00e4nskonsthall Museum in Sweden, the National Museum of Colombia, the Bogot\u00e1 Museum of Modern Art (MAMBO), the Santa Barbara Museum of Art, CA, the JP Morgan Chase Art Collection, NY, the Bancolombia Art Collection and the Museo de la Universidad de Antioquia, Medell\u00edn, Colombia. She currently lives and works in Bogot\u00e1.<\/p>\n<figure id=\"attachment_15238\" aria-describedby=\"caption-attachment-15238\" style=\"width: 696px\" class=\"wp-caption alignnone\"><img data-recalc-dims=\"1\" loading=\"lazy\" decoding=\"async\" class=\"wp-image-15238 size-large\" src=\"https:\/\/i0.wp.com\/museumofnonvisibleart.com\/interviews\/wp-content\/uploads\/2025\/01\/AnGo-554-image.jpg?resize=696%2C644&#038;ssl=1\" alt=\"\" width=\"696\" height=\"644\" srcset=\"https:\/\/i0.wp.com\/museumofnonvisibleart.com\/interviews\/wp-content\/uploads\/2025\/01\/AnGo-554-image-scaled.jpg?resize=1024%2C947&amp;ssl=1 1024w, https:\/\/i0.wp.com\/museumofnonvisibleart.com\/interviews\/wp-content\/uploads\/2025\/01\/AnGo-554-image-scaled.jpg?resize=300%2C277&amp;ssl=1 300w, https:\/\/i0.wp.com\/museumofnonvisibleart.com\/interviews\/wp-content\/uploads\/2025\/01\/AnGo-554-image-scaled.jpg?resize=768%2C710&amp;ssl=1 768w, https:\/\/i0.wp.com\/museumofnonvisibleart.com\/interviews\/wp-content\/uploads\/2025\/01\/AnGo-554-image-scaled.jpg?resize=1536%2C1420&amp;ssl=1 1536w, https:\/\/i0.wp.com\/museumofnonvisibleart.com\/interviews\/wp-content\/uploads\/2025\/01\/AnGo-554-image-scaled.jpg?resize=2048%2C1894&amp;ssl=1 2048w, https:\/\/i0.wp.com\/museumofnonvisibleart.com\/interviews\/wp-content\/uploads\/2025\/01\/AnGo-554-image-scaled.jpg?resize=696%2C644&amp;ssl=1 696w, https:\/\/i0.wp.com\/museumofnonvisibleart.com\/interviews\/wp-content\/uploads\/2025\/01\/AnGo-554-image-scaled.jpg?resize=1068%2C988&amp;ssl=1 1068w, https:\/\/i0.wp.com\/museumofnonvisibleart.com\/interviews\/wp-content\/uploads\/2025\/01\/AnGo-554-image-scaled.jpg?resize=1920%2C1775&amp;ssl=1 1920w, https:\/\/i0.wp.com\/museumofnonvisibleart.com\/interviews\/wp-content\/uploads\/2025\/01\/AnGo-554-image-scaled.jpg?w=1392&amp;ssl=1 1392w\" sizes=\"auto, (max-width: 696px) 100vw, 696px\" \/><figcaption id=\"caption-attachment-15238\" class=\"wp-caption-text\">Ana Gonz\u00e1lez, PALMAS DE CERA (WAX PALM TREES), 2024 sublimation printing on roughened tarp 58 1\/4 x 58 11\/16 inches. <i>\u00a9 Ana Gonz\u00e1lez Courtesy Sean Kelly, New York\/Los Angeles.<\/i><\/figcaption><\/figure>\n<figure id=\"attachment_15239\" aria-describedby=\"caption-attachment-15239\" style=\"width: 696px\" class=\"wp-caption alignnone\"><img data-recalc-dims=\"1\" loading=\"lazy\" decoding=\"async\" class=\"size-large wp-image-15239\" src=\"https:\/\/i0.wp.com\/museumofnonvisibleart.com\/interviews\/wp-content\/uploads\/2025\/01\/AnGo-529-image.jpeg?resize=696%2C560&#038;ssl=1\" alt=\"\" width=\"696\" height=\"560\" srcset=\"https:\/\/i0.wp.com\/museumofnonvisibleart.com\/interviews\/wp-content\/uploads\/2025\/01\/AnGo-529-image-scaled.jpeg?resize=1024%2C824&amp;ssl=1 1024w, https:\/\/i0.wp.com\/museumofnonvisibleart.com\/interviews\/wp-content\/uploads\/2025\/01\/AnGo-529-image-scaled.jpeg?resize=300%2C242&amp;ssl=1 300w, https:\/\/i0.wp.com\/museumofnonvisibleart.com\/interviews\/wp-content\/uploads\/2025\/01\/AnGo-529-image-scaled.jpeg?resize=768%2C618&amp;ssl=1 768w, https:\/\/i0.wp.com\/museumofnonvisibleart.com\/interviews\/wp-content\/uploads\/2025\/01\/AnGo-529-image-scaled.jpeg?resize=1536%2C1237&amp;ssl=1 1536w, https:\/\/i0.wp.com\/museumofnonvisibleart.com\/interviews\/wp-content\/uploads\/2025\/01\/AnGo-529-image-scaled.jpeg?resize=2048%2C1649&amp;ssl=1 2048w, https:\/\/i0.wp.com\/museumofnonvisibleart.com\/interviews\/wp-content\/uploads\/2025\/01\/AnGo-529-image-scaled.jpeg?resize=696%2C560&amp;ssl=1 696w, https:\/\/i0.wp.com\/museumofnonvisibleart.com\/interviews\/wp-content\/uploads\/2025\/01\/AnGo-529-image-scaled.jpeg?resize=1068%2C860&amp;ssl=1 1068w, https:\/\/i0.wp.com\/museumofnonvisibleart.com\/interviews\/wp-content\/uploads\/2025\/01\/AnGo-529-image-scaled.jpeg?resize=1920%2C1546&amp;ssl=1 1920w, https:\/\/i0.wp.com\/museumofnonvisibleart.com\/interviews\/wp-content\/uploads\/2025\/01\/AnGo-529-image-scaled.jpeg?w=1392&amp;ssl=1 1392w\" sizes=\"auto, (max-width: 696px) 100vw, 696px\" \/><figcaption id=\"caption-attachment-15239\" class=\"wp-caption-text\">Ana Gonz\u00e1lez, R\u00cdO VAUP\u00c9S (RIVER IN THE AMAZON FOREST), 2024, sublimation printing on roughened tarp, 21 5\/8 x 27 9\/16 inches. <i>\u00a9 Ana Gonz\u00e1lez Courtesy Sean Kelly, New York\/Los Angeles.<\/i><\/figcaption><\/figure>\n<figure id=\"attachment_15240\" aria-describedby=\"caption-attachment-15240\" style=\"width: 696px\" class=\"wp-caption alignnone\"><img data-recalc-dims=\"1\" loading=\"lazy\" decoding=\"async\" class=\"size-large wp-image-15240\" src=\"https:\/\/i0.wp.com\/museumofnonvisibleart.com\/interviews\/wp-content\/uploads\/2025\/01\/AnGo-557-image.jpeg?resize=696%2C644&#038;ssl=1\" alt=\"\" width=\"696\" height=\"644\" srcset=\"https:\/\/i0.wp.com\/museumofnonvisibleart.com\/interviews\/wp-content\/uploads\/2025\/01\/AnGo-557-image-scaled.jpeg?resize=1024%2C947&amp;ssl=1 1024w, https:\/\/i0.wp.com\/museumofnonvisibleart.com\/interviews\/wp-content\/uploads\/2025\/01\/AnGo-557-image-scaled.jpeg?resize=300%2C277&amp;ssl=1 300w, https:\/\/i0.wp.com\/museumofnonvisibleart.com\/interviews\/wp-content\/uploads\/2025\/01\/AnGo-557-image-scaled.jpeg?resize=768%2C710&amp;ssl=1 768w, https:\/\/i0.wp.com\/museumofnonvisibleart.com\/interviews\/wp-content\/uploads\/2025\/01\/AnGo-557-image-scaled.jpeg?resize=1536%2C1420&amp;ssl=1 1536w, https:\/\/i0.wp.com\/museumofnonvisibleart.com\/interviews\/wp-content\/uploads\/2025\/01\/AnGo-557-image-scaled.jpeg?resize=2048%2C1894&amp;ssl=1 2048w, https:\/\/i0.wp.com\/museumofnonvisibleart.com\/interviews\/wp-content\/uploads\/2025\/01\/AnGo-557-image-scaled.jpeg?resize=696%2C644&amp;ssl=1 696w, https:\/\/i0.wp.com\/museumofnonvisibleart.com\/interviews\/wp-content\/uploads\/2025\/01\/AnGo-557-image-scaled.jpeg?resize=1068%2C988&amp;ssl=1 1068w, https:\/\/i0.wp.com\/museumofnonvisibleart.com\/interviews\/wp-content\/uploads\/2025\/01\/AnGo-557-image-scaled.jpeg?resize=1920%2C1775&amp;ssl=1 1920w, https:\/\/i0.wp.com\/museumofnonvisibleart.com\/interviews\/wp-content\/uploads\/2025\/01\/AnGo-557-image-scaled.jpeg?w=1392&amp;ssl=1 1392w\" sizes=\"auto, (max-width: 696px) 100vw, 696px\" \/><figcaption id=\"caption-attachment-15240\" class=\"wp-caption-text\">Ana Gonz\u00e1lez, KYBA (DREAM), 2024, diptych graphite and acrylic on canvas. canvas: 63 x 47 1\/4 inches (160 x 120 cm) each. <i>\u00a9 Ana Gonz\u00e1lez Courtesy Sean Kelly, New York\/Los Angeles.<\/i><\/figcaption><\/figure>\n<\/div>\n","protected":false},"excerpt":{"rendered":"<p>https:\/\/museumofnonvisibleart.com\/interview\/2025\/AnaGonzalez.mp3Subscribe: Apple Podcasts | Spotify | TuneIn | RSS | Click here to join mailing list Ana Gonz\u00e1lez\u2019s artistic practice celebrates the landscapes of her native Colombia and her partnerships with the indigenous communities dedicated to their preservation. Her work serves as a vibrant tribute to the sensory richness and cultural significance of these environments [&hellip;]<\/p>\n","protected":false},"author":1,"featured_media":15239,"comment_status":"open","ping_status":"open","sticky":false,"template":"","format":"standard","meta":{"_jetpack_newsletter_access":"","_jetpack_dont_email_post_to_subs":false,"_jetpack_newsletter_tier_id":0,"_jetpack_memberships_contains_paywalled_content":false,"_jetpack_memberships_contains_paid_content":false,"footnotes":""},"categories":[8],"tags":[],"class_list":{"0":"post-15235","1":"post","2":"type-post","3":"status-publish","4":"format-standard","5":"has-post-thumbnail","7":"category-artists"},"jetpack_featured_media_url":"https:\/\/i0.wp.com\/museumofnonvisibleart.com\/interviews\/wp-content\/uploads\/2025\/01\/AnGo-529-image-scaled.jpeg?fit=2560%2C2061&ssl=1","jetpack_sharing_enabled":true,"jetpack_shortlink":"https:\/\/wp.me\/p47FRq-3XJ","_links":{"self":[{"href":"https:\/\/museumofnonvisibleart.com\/interviews\/wp-json\/wp\/v2\/posts\/15235","targetHints":{"allow":["GET"]}}],"collection":[{"href":"https:\/\/museumofnonvisibleart.com\/interviews\/wp-json\/wp\/v2\/posts"}],"about":[{"href":"https:\/\/museumofnonvisibleart.com\/interviews\/wp-json\/wp\/v2\/types\/post"}],"author":[{"embeddable":true,"href":"https:\/\/museumofnonvisibleart.com\/interviews\/wp-json\/wp\/v2\/users\/1"}],"replies":[{"embeddable":true,"href":"https:\/\/museumofnonvisibleart.com\/interviews\/wp-json\/wp\/v2\/comments?post=15235"}],"version-history":[{"count":2,"href":"https:\/\/museumofnonvisibleart.com\/interviews\/wp-json\/wp\/v2\/posts\/15235\/revisions"}],"predecessor-version":[{"id":15241,"href":"https:\/\/museumofnonvisibleart.com\/interviews\/wp-json\/wp\/v2\/posts\/15235\/revisions\/15241"}],"wp:featuredmedia":[{"embeddable":true,"href":"https:\/\/museumofnonvisibleart.com\/interviews\/wp-json\/wp\/v2\/media\/15239"}],"wp:attachment":[{"href":"https:\/\/museumofnonvisibleart.com\/interviews\/wp-json\/wp\/v2\/media?parent=15235"}],"wp:term":[{"taxonomy":"category","embeddable":true,"href":"https:\/\/museumofnonvisibleart.com\/interviews\/wp-json\/wp\/v2\/categories?post=15235"},{"taxonomy":"post_tag","embeddable":true,"href":"https:\/\/museumofnonvisibleart.com\/interviews\/wp-json\/wp\/v2\/tags?post=15235"}],"curies":[{"name":"wp","href":"https:\/\/api.w.org\/{rel}","templated":true}]}}